{"id":2644,"date":"2024-01-31T21:28:44","date_gmt":"2024-01-31T19:28:44","guid":{"rendered":"https:\/\/www.kurortuasociacija.lt\/?p=2644"},"modified":"2024-03-27T21:31:56","modified_gmt":"2024-03-27T19:31:56","slug":"druskininkai-wird-den-europaeischen-spa-kongress-2024-zum-thema-nachhaltiges-wohlbefinden-ausrichten","status":"publish","type":"post","link":"https:\/\/www.kurortuasociacija.lt\/de\/2024\/01\/31\/druskininkai-wird-den-europaeischen-spa-kongress-2024-zum-thema-nachhaltiges-wohlbefinden-ausrichten\/","title":{"rendered":"Druskininkai wird den Europ\u00e4ischen Spa-Kongress 2024 zum Thema Nachhaltiges Wohlbefinden ausrichten."},"content":{"rendered":"\n<p>Die europ\u00e4ische B\u00e4derindustrie wird sich vom 24. bis 27. September 2024 in Litauen zum Kongress, B2B-Workshops und der Innovationspreis-Gala versammeln. Die Partner f\u00fcr diese Veranstaltung sind das Ministerium f\u00fcr Wirtschaft und Innovationen, Travel Lithuania, der Litauische Kurorte-Verband, der Nationale Verband der Medizinischen B\u00e4der und Rehabilitationszentren sowie Toleranza Marketing.<\/p>\n\n\n\n<blockquote class=\"wp-block-quote is-layout-flow wp-block-quote-is-layout-flow\">\n<p>\u201eDiese Veranstaltung ist ein Beweis f\u00fcr unser Engagement f\u00fcr die F\u00f6rderung des Wohlbefindens, des Naturschutzes, der Investition in die Kurortinfrastrukturen und der F\u00f6rderung der Zusammenarbeit, w\u00e4hrend wir die einzigartigen Angebote der europ\u00e4ischen Kurortziele pr\u00e4sentieren\u201c, so die begr\u00fc\u00dfenden Worte von Herrn \u0160ar\u016bnas Vaitkus, dem Pr\u00e4sidenten des Litauischen Kurorte-Verbands.<\/p>\n<\/blockquote>\n\n\n\n<p>Der Kongress wird sich auf Schl\u00fcsselthemen im Zusammenhang mit dem Klimawandel und der nachhaltigen Entwicklung von Kurorten mit Schwerpunkt auf dem Heilklima-Konzept konzentrieren. Thierry Dubois, der Pr\u00e4sident der European Spas Association, erkl\u00e4rte, dass es angesichts globaler Ver\u00e4nderungen wichtig sei, Nachhaltigkeit nicht nur im Konsum, sondern auch in der Kurortentwicklung zu ber\u00fccksichtigen.<\/p>\n\n\n\n<p>Der Kongress wird Meinungen \u00fcber die breitere Nutzung der Balneotherapie und Spa-Dienstleistungen f\u00fcr die Gesundheit von Kindern diskutieren und einen gr\u00f6\u00dferen Schwerpunkt auf klimabasierte Behandlungen legen. Dar\u00fcber hinaus werden auch aktuelle Herausforderungen in Kurorten und medizinischen B\u00e4dern wie Arbeitskr\u00e4ftemangel und Ausbildung, Pr\u00e4vention, Balneologieforschung und die Entwicklung von Kurhotel in Kurorten behandelt.<\/p>\n\n\n\n<blockquote class=\"wp-block-quote is-layout-flow wp-block-quote-is-layout-flow\">\n<p>\u201eDruskininkai ist ein umweltfreundlicher Kurort, der sich f\u00fcr den Umweltschutz und die Pflege einsetzt und eine Vielzahl von Attraktionen bietet, um selbst die anspruchsvollsten Touristen zu beeindrucken: Der Wasserpark und der Winterunterhaltungskomplex Snow Arena erm\u00f6glichen es den Besuchern, den Winter im Sommer im Kurort zu erleben und umgekehrt im Winter. Das ganze Jahr \u00fcber kann man im gr\u00fcnen Kurortstadt nat\u00fcrliche Ressourcen, au\u00dfergew\u00f6hnlich saubere Luft, hochwertige Verfahren, Freizeitaktivit\u00e4ten und kulturelle Veranstaltungen genie\u00dfen. Mit Hunderten Jahren Erfahrung in der Kurortentwicklung sind wir bereit, sie mit Vertretern der europ\u00e4ischen Kurortgemeinschaft zu teilen und ihr Know-how zu h\u00f6ren. Druskininkai hat Erfahrung in der Organisation internationaler Veranstaltungen, und die Infrastruktur des Kurortst\u00e4dts ist vollst\u00e4ndig auf Konferenzen auf hohem Niveau ausgelegt. Ich freue mich \u00fcber die Entscheidung der ESPA, diese Veranstaltung in Druskininkai zu organisieren &#8211; wir werden uns bem\u00fchen, die Erwartungen voll und ganz zu erf\u00fcllen und die Einzigartigkeit und Gastfreundschaft von Druskininkai zu pr\u00e4sentieren\u201c, sagte Ri\u010dardas Malinauskas, der B\u00fcrgermeister der Gemeinde Druskininkai.<\/p>\n<\/blockquote>\n\n\n\n<p>Hier k\u00f6nnen Sie Ihren pers\u00f6nlichen Wohlf\u00fchlurlaub basierend auf den vier <a href=\"https:\/\/druskininkai.lt\/en\/about\/\">Elementen der Natur gestalten<\/a>. Nicht ohne Grund hei\u00dft es, dass Druskininkai ein Ort sei, an dem die Natur allein heilen k\u00f6nne &#8211; Wissenschaftler haben die Vorteile der Klima- und Waldtherapie nachgewiesen, die in den letzten Jahren besonders beliebt geworden ist. Die Kiefernw\u00e4lder des Kurorts mit ihrer frischen Luft und dem ganzj\u00e4hrigen Gr\u00fcn helfen Ihnen, sich zu entspannen und Stress und Spannungen abzubauen.<\/p>\n\n\n\n<p>Der ESPA-Kongress bringt Branchenf\u00fchrer, Spa-Profis und Stakeholder zusammen, um aufstrebende Trends im europ\u00e4ischen Balneologie- und Spa-Sektor zu diskutieren. Er bietet eine einzigartige Gelegenheit zum Ideenaustausch, w\u00e4hrend Sie den besonderen Charme von Druskininkai, der Gastgeberstadt, genie\u00dfen. Diese Zusammenarbeit mit f\u00fchrenden Gesundheits- und Tourismusakteuren zeigt die vielf\u00e4ltigen Angebote europ\u00e4ischer Kurorte, f\u00f6rdert das interkulturelle Verst\u00e4ndnis und bietet den Teilnehmern ein au\u00dfergew\u00f6hnliches Ereignis.<\/p>\n\n\n\n<p>Der Kongress wird drei wichtige Veranstaltungen f\u00fcr die europ\u00e4ische Kurortgemeinschaft ausrichten: eine Konferenz, den Spa Central Europe (SPA-CE) B2B-Workshop und die renommierten j\u00e4hrlichen Innovationspreise, die &#8222;Oscars&#8220; f\u00fcr die Kurorte, die von der ESPA organisiert werden. Diese Preise w\u00fcrdigen die Leistungen europ\u00e4ischer Spas und Gesundheitsresorts und tragen dazu bei, positive Erfahrungen zu verbreiten.<\/p>\n\n\n\n<p>Die European Spas Association (ESPA) ist eine f\u00fchrende Organisation, die sich der F\u00f6rderung der Spa- und Wellnessbranche verschrieben hat. Durch die Zusammenf\u00fchrung von Spa-Profis, Branchenf\u00fchrern und Stakeholdern arbeitet die European Spas Association daran, die Zusammenarbeit, den Wissensaustausch und die Innovation innerhalb der europ\u00e4ischen Spa-Community zu verbessern.<\/p>\n\n\n\n<figure class=\"wp-block-gallery has-nested-images columns-default is-cropped wp-block-gallery-1 is-layout-flex wp-block-gallery-is-layout-flex\">\n<figure class=\"wp-block-image size-large\"><img loading=\"lazy\" decoding=\"async\" width=\"1024\" height=\"683\" data-id=\"2623\" src=\"https:\/\/www.kurortuasociacija.lt\/wp-content\/uploads\/2024\/03\/41-Proceduros-1536x1024-1-1024x683.jpg\" alt=\"\" class=\"wp-image-2623\" srcset=\"https:\/\/www.kurortuasociacija.lt\/wp-content\/uploads\/2024\/03\/41-Proceduros-1536x1024-1-1024x683.jpg 1024w, https:\/\/www.kurortuasociacija.lt\/wp-content\/uploads\/2024\/03\/41-Proceduros-1536x1024-1-300x200.jpg 300w, https:\/\/www.kurortuasociacija.lt\/wp-content\/uploads\/2024\/03\/41-Proceduros-1536x1024-1-768x512.jpg 768w, https:\/\/www.kurortuasociacija.lt\/wp-content\/uploads\/2024\/03\/41-Proceduros-1536x1024-1.jpg 1536w\" sizes=\"auto, (max-width: 1024px) 100vw, 1024px\" \/><\/figure>\n\n\n\n<figure class=\"wp-block-image size-large\"><img loading=\"lazy\" decoding=\"async\" width=\"862\" height=\"867\" data-id=\"2626\" src=\"https:\/\/www.kurortuasociacija.lt\/wp-content\/uploads\/2024\/03\/foto-UPA.jpg\" alt=\"\" class=\"wp-image-2626\" srcset=\"https:\/\/www.kurortuasociacija.lt\/wp-content\/uploads\/2024\/03\/foto-UPA.jpg 862w, https:\/\/www.kurortuasociacija.lt\/wp-content\/uploads\/2024\/03\/foto-UPA-298x300.jpg 298w, https:\/\/www.kurortuasociacija.lt\/wp-content\/uploads\/2024\/03\/foto-UPA-150x150.jpg 150w, https:\/\/www.kurortuasociacija.lt\/wp-content\/uploads\/2024\/03\/foto-UPA-768x772.jpg 768w\" sizes=\"auto, (max-width: 862px) 100vw, 862px\" \/><\/figure>\n\n\n\n<figure class=\"wp-block-image size-large\"><img loading=\"lazy\" decoding=\"async\" width=\"1024\" height=\"683\" data-id=\"2631\" src=\"https:\/\/www.kurortuasociacija.lt\/wp-content\/uploads\/2024\/03\/upa-1024x683.jpg\" alt=\"\" class=\"wp-image-2631\" srcset=\"https:\/\/www.kurortuasociacija.lt\/wp-content\/uploads\/2024\/03\/upa-1024x683.jpg 1024w, https:\/\/www.kurortuasociacija.lt\/wp-content\/uploads\/2024\/03\/upa-300x200.jpg 300w, https:\/\/www.kurortuasociacija.lt\/wp-content\/uploads\/2024\/03\/upa-768x512.jpg 768w, https:\/\/www.kurortuasociacija.lt\/wp-content\/uploads\/2024\/03\/upa-1536x1025.jpg 1536w, https:\/\/www.kurortuasociacija.lt\/wp-content\/uploads\/2024\/03\/upa.jpg 2048w\" sizes=\"auto, (max-width: 1024px) 100vw, 1024px\" \/><\/figure>\n\n\n\n<figure class=\"wp-block-image size-large\"><img loading=\"lazy\" decoding=\"async\" width=\"792\" height=\"802\" data-id=\"2635\" src=\"https:\/\/www.kurortuasociacija.lt\/wp-content\/uploads\/2024\/03\/Ekrano-kopija-2024-01-23-190518.png\" alt=\"\" class=\"wp-image-2635\" srcset=\"https:\/\/www.kurortuasociacija.lt\/wp-content\/uploads\/2024\/03\/Ekrano-kopija-2024-01-23-190518.png 792w, https:\/\/www.kurortuasociacija.lt\/wp-content\/uploads\/2024\/03\/Ekrano-kopija-2024-01-23-190518-296x300.png 296w, https:\/\/www.kurortuasociacija.lt\/wp-content\/uploads\/2024\/03\/Ekrano-kopija-2024-01-23-190518-768x778.png 768w\" sizes=\"auto, (max-width: 792px) 100vw, 792px\" \/><\/figure>\n\n\n\n<figure class=\"wp-block-image size-large\"><img loading=\"lazy\" decoding=\"async\" width=\"1024\" height=\"684\" data-id=\"2639\" src=\"https:\/\/www.kurortuasociacija.lt\/wp-content\/uploads\/2024\/03\/UPA-43-1024x684.jpg\" alt=\"\" class=\"wp-image-2639\" srcset=\"https:\/\/www.kurortuasociacija.lt\/wp-content\/uploads\/2024\/03\/UPA-43-1024x684.jpg 1024w, https:\/\/www.kurortuasociacija.lt\/wp-content\/uploads\/2024\/03\/UPA-43-300x200.jpg 300w, https:\/\/www.kurortuasociacija.lt\/wp-content\/uploads\/2024\/03\/UPA-43-768x513.jpg 768w, https:\/\/www.kurortuasociacija.lt\/wp-content\/uploads\/2024\/03\/UPA-43-1536x1026.jpg 1536w, https:\/\/www.kurortuasociacija.lt\/wp-content\/uploads\/2024\/03\/UPA-43-2048x1368.jpg 2048w\" sizes=\"auto, (max-width: 1024px) 100vw, 1024px\" \/><\/figure>\n<\/figure>\n","protected":false},"excerpt":{"rendered":"<p>Die europ\u00e4ische B\u00e4derindustrie wird sich vom 24. bis 27. September 2024 in Litauen zum Kongress, B2B-Workshops und der Innovationspreis-Gala versammeln. Die Partner f\u00fcr diese Veranstaltung sind das Ministerium f\u00fcr Wirtschaft und Innovationen, Travel Lithuania, der Litauische Kurorte-Verband, der Nationale Verband der Medizinischen B\u00e4der und Rehabilitationszentren sowie Toleranza Marketing. \u201eDiese Veranstaltung ist ein Beweis f\u00fcr unser&hellip;<\/p>\n","protected":false},"author":2,"featured_media":2612,"comment_status":"closed","ping_status":"closed","sticky":false,"template":"","format":"standard","meta":{"pgc_sgb_lightbox_settings":"","footnotes":""},"categories":[4],"tags":[],"class_list":["post-2644","post","type-post","status-publish","format-standard","has-post-thumbnail","hentry","category-unkategorisiert","category-4","description-off"],"yoast_head":"<!-- This site is optimized with the Yoast SEO plugin v27.4 - https:\/\/yoast.com\/product\/yoast-seo-wordpress\/ -->\n<title>Druskininkai wird den Europ\u00e4ischen Spa-Kongress 2024 zum Thema Nachhaltiges Wohlbefinden ausrichten. - Kurort\u0173 asociacija<\/title>\n<meta name=\"robots\" content=\"index, follow, max-snippet:-1, max-image-preview:large, max-video-preview:-1\" \/>\n<link rel=\"canonical\" href=\"https:\/\/www.kurortuasociacija.lt\/de\/2024\/01\/31\/druskininkai-wird-den-europaeischen-spa-kongress-2024-zum-thema-nachhaltiges-wohlbefinden-ausrichten\/\" \/>\n<meta property=\"og:locale\" content=\"de_DE\" \/>\n<meta property=\"og:type\" content=\"article\" \/>\n<meta property=\"og:title\" content=\"Druskininkai wird den Europ\u00e4ischen Spa-Kongress 2024 zum Thema Nachhaltiges Wohlbefinden ausrichten. - Kurort\u0173 asociacija\" \/>\n<meta property=\"og:description\" content=\"Die europ\u00e4ische B\u00e4derindustrie wird sich vom 24. bis 27. September 2024 in Litauen zum Kongress, B2B-Workshops und der Innovationspreis-Gala versammeln. Die Partner f\u00fcr diese Veranstaltung sind das Ministerium f\u00fcr Wirtschaft und Innovationen, Travel Lithuania, der Litauische Kurorte-Verband, der Nationale Verband der Medizinischen B\u00e4der und Rehabilitationszentren sowie Toleranza Marketing. \u201eDiese Veranstaltung ist ein Beweis f\u00fcr unser&hellip;\" \/>\n<meta property=\"og:url\" content=\"https:\/\/www.kurortuasociacija.lt\/de\/2024\/01\/31\/druskininkai-wird-den-europaeischen-spa-kongress-2024-zum-thema-nachhaltiges-wohlbefinden-ausrichten\/\" \/>\n<meta property=\"og:site_name\" content=\"Kurort\u0173 asociacija\" \/>\n<meta property=\"article:published_time\" content=\"2024-01-31T19:28:44+00:00\" \/>\n<meta property=\"article:modified_time\" content=\"2024-03-27T19:31:56+00:00\" \/>\n<meta property=\"og:image\" content=\"https:\/\/www.kurortuasociacija.lt\/wp-content\/uploads\/2024\/02\/Nr.-1-main-photo.jpg\" \/>\n\t<meta property=\"og:image:width\" content=\"2048\" \/>\n\t<meta property=\"og:image:height\" content=\"1151\" \/>\n\t<meta property=\"og:image:type\" content=\"image\/jpeg\" \/>\n<meta name=\"author\" content=\"kristina\" \/>\n<meta name=\"twitter:card\" content=\"summary_large_image\" \/>\n<meta name=\"twitter:label1\" content=\"Verfasst von\" \/>\n\t<meta name=\"twitter:data1\" content=\"kristina\" \/>\n\t<meta name=\"twitter:label2\" content=\"Gesch\u00e4tzte Lesezeit\" \/>\n\t<meta name=\"twitter:data2\" content=\"4\u00a0Minuten\" \/>\n<script type=\"application\/ld+json\" class=\"yoast-schema-graph\">{\"@context\":\"https:\\\/\\\/schema.org\",\"@graph\":[{\"@type\":\"Article\",\"@id\":\"https:\\\/\\\/www.kurortuasociacija.lt\\\/de\\\/2024\\\/01\\\/31\\\/druskininkai-wird-den-europaeischen-spa-kongress-2024-zum-thema-nachhaltiges-wohlbefinden-ausrichten\\\/#article\",\"isPartOf\":{\"@id\":\"https:\\\/\\\/www.kurortuasociacija.lt\\\/de\\\/2024\\\/01\\\/31\\\/druskininkai-wird-den-europaeischen-spa-kongress-2024-zum-thema-nachhaltiges-wohlbefinden-ausrichten\\\/\"},\"author\":{\"name\":\"kristina\",\"@id\":\"https:\\\/\\\/www.kurortuasociacija.lt\\\/#\\\/schema\\\/person\\\/edeeeb99db6d145987de11bf5e6829ea\"},\"headline\":\"Druskininkai wird den Europ\u00e4ischen Spa-Kongress 2024 zum Thema Nachhaltiges Wohlbefinden ausrichten.\",\"datePublished\":\"2024-01-31T19:28:44+00:00\",\"dateModified\":\"2024-03-27T19:31:56+00:00\",\"mainEntityOfPage\":{\"@id\":\"https:\\\/\\\/www.kurortuasociacija.lt\\\/de\\\/2024\\\/01\\\/31\\\/druskininkai-wird-den-europaeischen-spa-kongress-2024-zum-thema-nachhaltiges-wohlbefinden-ausrichten\\\/\"},\"wordCount\":667,\"image\":{\"@id\":\"https:\\\/\\\/www.kurortuasociacija.lt\\\/de\\\/2024\\\/01\\\/31\\\/druskininkai-wird-den-europaeischen-spa-kongress-2024-zum-thema-nachhaltiges-wohlbefinden-ausrichten\\\/#primaryimage\"},\"thumbnailUrl\":\"https:\\\/\\\/www.kurortuasociacija.lt\\\/wp-content\\\/uploads\\\/2024\\\/02\\\/Nr.-1-main-photo.jpg\",\"articleSection\":[\"Unkategorisiert\"],\"inLanguage\":\"de\"},{\"@type\":\"WebPage\",\"@id\":\"https:\\\/\\\/www.kurortuasociacija.lt\\\/de\\\/2024\\\/01\\\/31\\\/druskininkai-wird-den-europaeischen-spa-kongress-2024-zum-thema-nachhaltiges-wohlbefinden-ausrichten\\\/\",\"url\":\"https:\\\/\\\/www.kurortuasociacija.lt\\\/de\\\/2024\\\/01\\\/31\\\/druskininkai-wird-den-europaeischen-spa-kongress-2024-zum-thema-nachhaltiges-wohlbefinden-ausrichten\\\/\",\"name\":\"Druskininkai wird den Europ\u00e4ischen Spa-Kongress 2024 zum Thema Nachhaltiges Wohlbefinden ausrichten. - Kurort\u0173 asociacija\",\"isPartOf\":{\"@id\":\"https:\\\/\\\/www.kurortuasociacija.lt\\\/#website\"},\"primaryImageOfPage\":{\"@id\":\"https:\\\/\\\/www.kurortuasociacija.lt\\\/de\\\/2024\\\/01\\\/31\\\/druskininkai-wird-den-europaeischen-spa-kongress-2024-zum-thema-nachhaltiges-wohlbefinden-ausrichten\\\/#primaryimage\"},\"image\":{\"@id\":\"https:\\\/\\\/www.kurortuasociacija.lt\\\/de\\\/2024\\\/01\\\/31\\\/druskininkai-wird-den-europaeischen-spa-kongress-2024-zum-thema-nachhaltiges-wohlbefinden-ausrichten\\\/#primaryimage\"},\"thumbnailUrl\":\"https:\\\/\\\/www.kurortuasociacija.lt\\\/wp-content\\\/uploads\\\/2024\\\/02\\\/Nr.-1-main-photo.jpg\",\"datePublished\":\"2024-01-31T19:28:44+00:00\",\"dateModified\":\"2024-03-27T19:31:56+00:00\",\"author\":{\"@id\":\"https:\\\/\\\/www.kurortuasociacija.lt\\\/#\\\/schema\\\/person\\\/edeeeb99db6d145987de11bf5e6829ea\"},\"breadcrumb\":{\"@id\":\"https:\\\/\\\/www.kurortuasociacija.lt\\\/de\\\/2024\\\/01\\\/31\\\/druskininkai-wird-den-europaeischen-spa-kongress-2024-zum-thema-nachhaltiges-wohlbefinden-ausrichten\\\/#breadcrumb\"},\"inLanguage\":\"de\",\"potentialAction\":[{\"@type\":\"ReadAction\",\"target\":[\"https:\\\/\\\/www.kurortuasociacija.lt\\\/de\\\/2024\\\/01\\\/31\\\/druskininkai-wird-den-europaeischen-spa-kongress-2024-zum-thema-nachhaltiges-wohlbefinden-ausrichten\\\/\"]}]},{\"@type\":\"ImageObject\",\"inLanguage\":\"de\",\"@id\":\"https:\\\/\\\/www.kurortuasociacija.lt\\\/de\\\/2024\\\/01\\\/31\\\/druskininkai-wird-den-europaeischen-spa-kongress-2024-zum-thema-nachhaltiges-wohlbefinden-ausrichten\\\/#primaryimage\",\"url\":\"https:\\\/\\\/www.kurortuasociacija.lt\\\/wp-content\\\/uploads\\\/2024\\\/02\\\/Nr.-1-main-photo.jpg\",\"contentUrl\":\"https:\\\/\\\/www.kurortuasociacija.lt\\\/wp-content\\\/uploads\\\/2024\\\/02\\\/Nr.-1-main-photo.jpg\",\"width\":2048,\"height\":1151,\"caption\":\"default\"},{\"@type\":\"BreadcrumbList\",\"@id\":\"https:\\\/\\\/www.kurortuasociacija.lt\\\/de\\\/2024\\\/01\\\/31\\\/druskininkai-wird-den-europaeischen-spa-kongress-2024-zum-thema-nachhaltiges-wohlbefinden-ausrichten\\\/#breadcrumb\",\"itemListElement\":[{\"@type\":\"ListItem\",\"position\":1,\"name\":\"Home\",\"item\":\"https:\\\/\\\/www.kurortuasociacija.lt\\\/de\\\/\"},{\"@type\":\"ListItem\",\"position\":2,\"name\":\"Druskininkai wird den Europ\u00e4ischen Spa-Kongress 2024 zum Thema Nachhaltiges Wohlbefinden ausrichten.\"}]},{\"@type\":\"WebSite\",\"@id\":\"https:\\\/\\\/www.kurortuasociacija.lt\\\/#website\",\"url\":\"https:\\\/\\\/www.kurortuasociacija.lt\\\/\",\"name\":\"Kurort\u0173 asociacija\",\"description\":\"Lietuvos kurort\u0173 asociacija\",\"potentialAction\":[{\"@type\":\"SearchAction\",\"target\":{\"@type\":\"EntryPoint\",\"urlTemplate\":\"https:\\\/\\\/www.kurortuasociacija.lt\\\/?s={search_term_string}\"},\"query-input\":{\"@type\":\"PropertyValueSpecification\",\"valueRequired\":true,\"valueName\":\"search_term_string\"}}],\"inLanguage\":\"de\"},{\"@type\":\"Person\",\"@id\":\"https:\\\/\\\/www.kurortuasociacija.lt\\\/#\\\/schema\\\/person\\\/edeeeb99db6d145987de11bf5e6829ea\",\"name\":\"kristina\",\"image\":{\"@type\":\"ImageObject\",\"inLanguage\":\"de\",\"@id\":\"https:\\\/\\\/secure.gravatar.com\\\/avatar\\\/c3a9e5e8afff33a92a1f9b22e35847be352c86e54f5dc5ca55799140b945be26?s=96&d=mm&r=g\",\"url\":\"https:\\\/\\\/secure.gravatar.com\\\/avatar\\\/c3a9e5e8afff33a92a1f9b22e35847be352c86e54f5dc5ca55799140b945be26?s=96&d=mm&r=g\",\"contentUrl\":\"https:\\\/\\\/secure.gravatar.com\\\/avatar\\\/c3a9e5e8afff33a92a1f9b22e35847be352c86e54f5dc5ca55799140b945be26?s=96&d=mm&r=g\",\"caption\":\"kristina\"},\"url\":\"https:\\\/\\\/www.kurortuasociacija.lt\\\/de\\\/author\\\/kristina\\\/\"}]}<\/script>\n<!-- \/ Yoast SEO plugin. -->","yoast_head_json":{"title":"Druskininkai wird den Europ\u00e4ischen Spa-Kongress 2024 zum Thema Nachhaltiges Wohlbefinden ausrichten. - Kurort\u0173 asociacija","robots":{"index":"index","follow":"follow","max-snippet":"max-snippet:-1","max-image-preview":"max-image-preview:large","max-video-preview":"max-video-preview:-1"},"canonical":"https:\/\/www.kurortuasociacija.lt\/de\/2024\/01\/31\/druskininkai-wird-den-europaeischen-spa-kongress-2024-zum-thema-nachhaltiges-wohlbefinden-ausrichten\/","og_locale":"de_DE","og_type":"article","og_title":"Druskininkai wird den Europ\u00e4ischen Spa-Kongress 2024 zum Thema Nachhaltiges Wohlbefinden ausrichten. - Kurort\u0173 asociacija","og_description":"Die europ\u00e4ische B\u00e4derindustrie wird sich vom 24. bis 27. September 2024 in Litauen zum Kongress, B2B-Workshops und der Innovationspreis-Gala versammeln. Die Partner f\u00fcr diese Veranstaltung sind das Ministerium f\u00fcr Wirtschaft und Innovationen, Travel Lithuania, der Litauische Kurorte-Verband, der Nationale Verband der Medizinischen B\u00e4der und Rehabilitationszentren sowie Toleranza Marketing. \u201eDiese Veranstaltung ist ein Beweis f\u00fcr unser&hellip;","og_url":"https:\/\/www.kurortuasociacija.lt\/de\/2024\/01\/31\/druskininkai-wird-den-europaeischen-spa-kongress-2024-zum-thema-nachhaltiges-wohlbefinden-ausrichten\/","og_site_name":"Kurort\u0173 asociacija","article_published_time":"2024-01-31T19:28:44+00:00","article_modified_time":"2024-03-27T19:31:56+00:00","og_image":[{"width":2048,"height":1151,"url":"https:\/\/www.kurortuasociacija.lt\/wp-content\/uploads\/2024\/02\/Nr.-1-main-photo.jpg","type":"image\/jpeg"}],"author":"kristina","twitter_card":"summary_large_image","twitter_misc":{"Verfasst von":"kristina","Gesch\u00e4tzte Lesezeit":"4\u00a0Minuten"},"schema":{"@context":"https:\/\/schema.org","@graph":[{"@type":"Article","@id":"https:\/\/www.kurortuasociacija.lt\/de\/2024\/01\/31\/druskininkai-wird-den-europaeischen-spa-kongress-2024-zum-thema-nachhaltiges-wohlbefinden-ausrichten\/#article","isPartOf":{"@id":"https:\/\/www.kurortuasociacija.lt\/de\/2024\/01\/31\/druskininkai-wird-den-europaeischen-spa-kongress-2024-zum-thema-nachhaltiges-wohlbefinden-ausrichten\/"},"author":{"name":"kristina","@id":"https:\/\/www.kurortuasociacija.lt\/#\/schema\/person\/edeeeb99db6d145987de11bf5e6829ea"},"headline":"Druskininkai wird den Europ\u00e4ischen Spa-Kongress 2024 zum Thema Nachhaltiges Wohlbefinden ausrichten.","datePublished":"2024-01-31T19:28:44+00:00","dateModified":"2024-03-27T19:31:56+00:00","mainEntityOfPage":{"@id":"https:\/\/www.kurortuasociacija.lt\/de\/2024\/01\/31\/druskininkai-wird-den-europaeischen-spa-kongress-2024-zum-thema-nachhaltiges-wohlbefinden-ausrichten\/"},"wordCount":667,"image":{"@id":"https:\/\/www.kurortuasociacija.lt\/de\/2024\/01\/31\/druskininkai-wird-den-europaeischen-spa-kongress-2024-zum-thema-nachhaltiges-wohlbefinden-ausrichten\/#primaryimage"},"thumbnailUrl":"https:\/\/www.kurortuasociacija.lt\/wp-content\/uploads\/2024\/02\/Nr.-1-main-photo.jpg","articleSection":["Unkategorisiert"],"inLanguage":"de"},{"@type":"WebPage","@id":"https:\/\/www.kurortuasociacija.lt\/de\/2024\/01\/31\/druskininkai-wird-den-europaeischen-spa-kongress-2024-zum-thema-nachhaltiges-wohlbefinden-ausrichten\/","url":"https:\/\/www.kurortuasociacija.lt\/de\/2024\/01\/31\/druskininkai-wird-den-europaeischen-spa-kongress-2024-zum-thema-nachhaltiges-wohlbefinden-ausrichten\/","name":"Druskininkai wird den Europ\u00e4ischen Spa-Kongress 2024 zum Thema Nachhaltiges Wohlbefinden ausrichten. - Kurort\u0173 asociacija","isPartOf":{"@id":"https:\/\/www.kurortuasociacija.lt\/#website"},"primaryImageOfPage":{"@id":"https:\/\/www.kurortuasociacija.lt\/de\/2024\/01\/31\/druskininkai-wird-den-europaeischen-spa-kongress-2024-zum-thema-nachhaltiges-wohlbefinden-ausrichten\/#primaryimage"},"image":{"@id":"https:\/\/www.kurortuasociacija.lt\/de\/2024\/01\/31\/druskininkai-wird-den-europaeischen-spa-kongress-2024-zum-thema-nachhaltiges-wohlbefinden-ausrichten\/#primaryimage"},"thumbnailUrl":"https:\/\/www.kurortuasociacija.lt\/wp-content\/uploads\/2024\/02\/Nr.-1-main-photo.jpg","datePublished":"2024-01-31T19:28:44+00:00","dateModified":"2024-03-27T19:31:56+00:00","author":{"@id":"https:\/\/www.kurortuasociacija.lt\/#\/schema\/person\/edeeeb99db6d145987de11bf5e6829ea"},"breadcrumb":{"@id":"https:\/\/www.kurortuasociacija.lt\/de\/2024\/01\/31\/druskininkai-wird-den-europaeischen-spa-kongress-2024-zum-thema-nachhaltiges-wohlbefinden-ausrichten\/#breadcrumb"},"inLanguage":"de","potentialAction":[{"@type":"ReadAction","target":["https:\/\/www.kurortuasociacija.lt\/de\/2024\/01\/31\/druskininkai-wird-den-europaeischen-spa-kongress-2024-zum-thema-nachhaltiges-wohlbefinden-ausrichten\/"]}]},{"@type":"ImageObject","inLanguage":"de","@id":"https:\/\/www.kurortuasociacija.lt\/de\/2024\/01\/31\/druskininkai-wird-den-europaeischen-spa-kongress-2024-zum-thema-nachhaltiges-wohlbefinden-ausrichten\/#primaryimage","url":"https:\/\/www.kurortuasociacija.lt\/wp-content\/uploads\/2024\/02\/Nr.-1-main-photo.jpg","contentUrl":"https:\/\/www.kurortuasociacija.lt\/wp-content\/uploads\/2024\/02\/Nr.-1-main-photo.jpg","width":2048,"height":1151,"caption":"default"},{"@type":"BreadcrumbList","@id":"https:\/\/www.kurortuasociacija.lt\/de\/2024\/01\/31\/druskininkai-wird-den-europaeischen-spa-kongress-2024-zum-thema-nachhaltiges-wohlbefinden-ausrichten\/#breadcrumb","itemListElement":[{"@type":"ListItem","position":1,"name":"Home","item":"https:\/\/www.kurortuasociacija.lt\/de\/"},{"@type":"ListItem","position":2,"name":"Druskininkai wird den Europ\u00e4ischen Spa-Kongress 2024 zum Thema Nachhaltiges Wohlbefinden ausrichten."}]},{"@type":"WebSite","@id":"https:\/\/www.kurortuasociacija.lt\/#website","url":"https:\/\/www.kurortuasociacija.lt\/","name":"Kurort\u0173 asociacija","description":"Lietuvos kurort\u0173 asociacija","potentialAction":[{"@type":"SearchAction","target":{"@type":"EntryPoint","urlTemplate":"https:\/\/www.kurortuasociacija.lt\/?s={search_term_string}"},"query-input":{"@type":"PropertyValueSpecification","valueRequired":true,"valueName":"search_term_string"}}],"inLanguage":"de"},{"@type":"Person","@id":"https:\/\/www.kurortuasociacija.lt\/#\/schema\/person\/edeeeb99db6d145987de11bf5e6829ea","name":"kristina","image":{"@type":"ImageObject","inLanguage":"de","@id":"https:\/\/secure.gravatar.com\/avatar\/c3a9e5e8afff33a92a1f9b22e35847be352c86e54f5dc5ca55799140b945be26?s=96&d=mm&r=g","url":"https:\/\/secure.gravatar.com\/avatar\/c3a9e5e8afff33a92a1f9b22e35847be352c86e54f5dc5ca55799140b945be26?s=96&d=mm&r=g","contentUrl":"https:\/\/secure.gravatar.com\/avatar\/c3a9e5e8afff33a92a1f9b22e35847be352c86e54f5dc5ca55799140b945be26?s=96&d=mm&r=g","caption":"kristina"},"url":"https:\/\/www.kurortuasociacija.lt\/de\/author\/kristina\/"}]}},"_links":{"self":[{"href":"https:\/\/www.kurortuasociacija.lt\/de\/wp-json\/wp\/v2\/posts\/2644","targetHints":{"allow":["GET"]}}],"collection":[{"href":"https:\/\/www.kurortuasociacija.lt\/de\/wp-json\/wp\/v2\/posts"}],"about":[{"href":"https:\/\/www.kurortuasociacija.lt\/de\/wp-json\/wp\/v2\/types\/post"}],"author":[{"embeddable":true,"href":"https:\/\/www.kurortuasociacija.lt\/de\/wp-json\/wp\/v2\/users\/2"}],"replies":[{"embeddable":true,"href":"https:\/\/www.kurortuasociacija.lt\/de\/wp-json\/wp\/v2\/comments?post=2644"}],"version-history":[{"count":1,"href":"https:\/\/www.kurortuasociacija.lt\/de\/wp-json\/wp\/v2\/posts\/2644\/revisions"}],"predecessor-version":[{"id":2645,"href":"https:\/\/www.kurortuasociacija.lt\/de\/wp-json\/wp\/v2\/posts\/2644\/revisions\/2645"}],"wp:featuredmedia":[{"embeddable":true,"href":"https:\/\/www.kurortuasociacija.lt\/de\/wp-json\/wp\/v2\/media\/2612"}],"wp:attachment":[{"href":"https:\/\/www.kurortuasociacija.lt\/de\/wp-json\/wp\/v2\/media?parent=2644"}],"wp:term":[{"taxonomy":"category","embeddable":true,"href":"https:\/\/www.kurortuasociacija.lt\/de\/wp-json\/wp\/v2\/categories?post=2644"},{"taxonomy":"post_tag","embeddable":true,"href":"https:\/\/www.kurortuasociacija.lt\/de\/wp-json\/wp\/v2\/tags?post=2644"}],"curies":[{"name":"wp","href":"https:\/\/api.w.org\/{rel}","templated":true}]}}