{"id":1849,"date":"2020-06-11T09:18:37","date_gmt":"2020-06-11T07:18:37","guid":{"rendered":"https:\/\/www.kurortuasociacija.lt\/?p=1849"},"modified":"2020-06-11T09:18:39","modified_gmt":"2020-06-11T07:18:39","slug":"litauen-wird-corona-quarantaene-nicht-verlaengern","status":"publish","type":"post","link":"https:\/\/www.kurortuasociacija.lt\/de\/2020\/06\/11\/litauen-wird-corona-quarantaene-nicht-verlaengern\/","title":{"rendered":"Litauen wird Corona-Quarant\u00e4ne nicht verl\u00e4ngern"},"content":{"rendered":"\n<p>Litauen wird die Corona-Quarant\u00e4ne nach dem 16. Juni nicht mehr verl\u00e4ngern. Stattdessen soll nur noch der Ende Februar ausgerufene landesweite Notstand gelten. Dies beschloss die Regierung des baltischen EU-Landes am Mittwoch in Vilnius. Nach offiziellen Angaben geht die Zahl der Neuinfektionen seit Ende April zur\u00fcck. <\/p>\n\n\n\n<p>\n\nMitte Juni entf\u00e4llt auch die bisherige Pflicht zum Tragen eines Mund- und Nasenschutzes in der \u00d6ffentlichkeit. Das Tragen von Gesichtsmasken wird jedoch weiter empfohlen. Litauen mit seinen knapp drei Million Einwohnern verzeichnete bislang 1733 best\u00e4tigte Infektionen mit dem Coronavirus und 74 Todesf\u00e4lle.\n\n<\/p>\n","protected":false},"excerpt":{"rendered":"<p>Litauen wird die Corona-Quarant\u00e4ne nach dem 16. Juni nicht mehr verl\u00e4ngern. Stattdessen soll nur noch der Ende Februar ausgerufene landesweite Notstand gelten. Dies beschloss die Regierung des baltischen EU-Landes am Mittwoch in Vilnius. Nach offiziellen Angaben geht die Zahl der Neuinfektionen seit Ende April zur\u00fcck. Mitte Juni entf\u00e4llt auch die bisherige Pflicht zum Tragen eines&hellip;<\/p>\n","protected":false},"author":2,"featured_media":1843,"comment_status":"closed","ping_status":"closed","sticky":false,"template":"","format":"standard","meta":{"pgc_sgb_lightbox_settings":"","footnotes":""},"categories":[4],"tags":[],"class_list":["post-1849","post","type-post","status-publish","format-standard","has-post-thumbnail","hentry","category-unkategorisiert","category-4","description-off"],"yoast_head":"<!-- This site is optimized with the Yoast SEO plugin v27.4 - https:\/\/yoast.com\/product\/yoast-seo-wordpress\/ -->\n<title>Litauen wird Corona-Quarant\u00e4ne nicht verl\u00e4ngern - Kurort\u0173 asociacija<\/title>\n<meta name=\"robots\" content=\"index, follow, max-snippet:-1, max-image-preview:large, max-video-preview:-1\" \/>\n<link rel=\"canonical\" href=\"https:\/\/www.kurortuasociacija.lt\/de\/2020\/06\/11\/litauen-wird-corona-quarantaene-nicht-verlaengern\/\" \/>\n<meta property=\"og:locale\" content=\"de_DE\" \/>\n<meta property=\"og:type\" content=\"article\" \/>\n<meta property=\"og:title\" content=\"Litauen wird Corona-Quarant\u00e4ne nicht verl\u00e4ngern - Kurort\u0173 asociacija\" \/>\n<meta property=\"og:description\" content=\"Litauen wird die Corona-Quarant\u00e4ne nach dem 16. Juni nicht mehr verl\u00e4ngern. Stattdessen soll nur noch der Ende Februar ausgerufene landesweite Notstand gelten. Dies beschloss die Regierung des baltischen EU-Landes am Mittwoch in Vilnius. Nach offiziellen Angaben geht die Zahl der Neuinfektionen seit Ende April zur\u00fcck. Mitte Juni entf\u00e4llt auch die bisherige Pflicht zum Tragen eines&hellip;\" \/>\n<meta property=\"og:url\" content=\"https:\/\/www.kurortuasociacija.lt\/de\/2020\/06\/11\/litauen-wird-corona-quarantaene-nicht-verlaengern\/\" \/>\n<meta property=\"og:site_name\" content=\"Kurort\u0173 asociacija\" \/>\n<meta property=\"article:published_time\" content=\"2020-06-11T07:18:37+00:00\" \/>\n<meta property=\"article:modified_time\" content=\"2020-06-11T07:18:39+00:00\" \/>\n<meta property=\"og:image\" content=\"https:\/\/www.kurortuasociacija.lt\/wp-content\/uploads\/2020\/06\/The-Guardian-nuotr..jpg\" \/>\n\t<meta property=\"og:image:width\" content=\"1200\" \/>\n\t<meta property=\"og:image:height\" content=\"1200\" \/>\n\t<meta property=\"og:image:type\" content=\"image\/jpeg\" \/>\n<meta name=\"author\" content=\"kristina\" \/>\n<meta name=\"twitter:card\" content=\"summary_large_image\" \/>\n<meta name=\"twitter:label1\" content=\"Verfasst von\" \/>\n\t<meta name=\"twitter:data1\" content=\"kristina\" \/>\n<script type=\"application\/ld+json\" class=\"yoast-schema-graph\">{\"@context\":\"https:\\\/\\\/schema.org\",\"@graph\":[{\"@type\":\"Article\",\"@id\":\"https:\\\/\\\/www.kurortuasociacija.lt\\\/de\\\/2020\\\/06\\\/11\\\/litauen-wird-corona-quarantaene-nicht-verlaengern\\\/#article\",\"isPartOf\":{\"@id\":\"https:\\\/\\\/www.kurortuasociacija.lt\\\/de\\\/2020\\\/06\\\/11\\\/litauen-wird-corona-quarantaene-nicht-verlaengern\\\/\"},\"author\":{\"name\":\"kristina\",\"@id\":\"https:\\\/\\\/www.kurortuasociacija.lt\\\/#\\\/schema\\\/person\\\/edeeeb99db6d145987de11bf5e6829ea\"},\"headline\":\"Litauen wird Corona-Quarant\u00e4ne nicht verl\u00e4ngern\",\"datePublished\":\"2020-06-11T07:18:37+00:00\",\"dateModified\":\"2020-06-11T07:18:39+00:00\",\"mainEntityOfPage\":{\"@id\":\"https:\\\/\\\/www.kurortuasociacija.lt\\\/de\\\/2020\\\/06\\\/11\\\/litauen-wird-corona-quarantaene-nicht-verlaengern\\\/\"},\"wordCount\":97,\"image\":{\"@id\":\"https:\\\/\\\/www.kurortuasociacija.lt\\\/de\\\/2020\\\/06\\\/11\\\/litauen-wird-corona-quarantaene-nicht-verlaengern\\\/#primaryimage\"},\"thumbnailUrl\":\"https:\\\/\\\/www.kurortuasociacija.lt\\\/wp-content\\\/uploads\\\/2020\\\/06\\\/The-Guardian-nuotr..jpg\",\"articleSection\":[\"Unkategorisiert\"],\"inLanguage\":\"de\"},{\"@type\":\"WebPage\",\"@id\":\"https:\\\/\\\/www.kurortuasociacija.lt\\\/de\\\/2020\\\/06\\\/11\\\/litauen-wird-corona-quarantaene-nicht-verlaengern\\\/\",\"url\":\"https:\\\/\\\/www.kurortuasociacija.lt\\\/de\\\/2020\\\/06\\\/11\\\/litauen-wird-corona-quarantaene-nicht-verlaengern\\\/\",\"name\":\"Litauen wird Corona-Quarant\u00e4ne nicht verl\u00e4ngern - Kurort\u0173 asociacija\",\"isPartOf\":{\"@id\":\"https:\\\/\\\/www.kurortuasociacija.lt\\\/#website\"},\"primaryImageOfPage\":{\"@id\":\"https:\\\/\\\/www.kurortuasociacija.lt\\\/de\\\/2020\\\/06\\\/11\\\/litauen-wird-corona-quarantaene-nicht-verlaengern\\\/#primaryimage\"},\"image\":{\"@id\":\"https:\\\/\\\/www.kurortuasociacija.lt\\\/de\\\/2020\\\/06\\\/11\\\/litauen-wird-corona-quarantaene-nicht-verlaengern\\\/#primaryimage\"},\"thumbnailUrl\":\"https:\\\/\\\/www.kurortuasociacija.lt\\\/wp-content\\\/uploads\\\/2020\\\/06\\\/The-Guardian-nuotr..jpg\",\"datePublished\":\"2020-06-11T07:18:37+00:00\",\"dateModified\":\"2020-06-11T07:18:39+00:00\",\"author\":{\"@id\":\"https:\\\/\\\/www.kurortuasociacija.lt\\\/#\\\/schema\\\/person\\\/edeeeb99db6d145987de11bf5e6829ea\"},\"breadcrumb\":{\"@id\":\"https:\\\/\\\/www.kurortuasociacija.lt\\\/de\\\/2020\\\/06\\\/11\\\/litauen-wird-corona-quarantaene-nicht-verlaengern\\\/#breadcrumb\"},\"inLanguage\":\"de\",\"potentialAction\":[{\"@type\":\"ReadAction\",\"target\":[\"https:\\\/\\\/www.kurortuasociacija.lt\\\/de\\\/2020\\\/06\\\/11\\\/litauen-wird-corona-quarantaene-nicht-verlaengern\\\/\"]}]},{\"@type\":\"ImageObject\",\"inLanguage\":\"de\",\"@id\":\"https:\\\/\\\/www.kurortuasociacija.lt\\\/de\\\/2020\\\/06\\\/11\\\/litauen-wird-corona-quarantaene-nicht-verlaengern\\\/#primaryimage\",\"url\":\"https:\\\/\\\/www.kurortuasociacija.lt\\\/wp-content\\\/uploads\\\/2020\\\/06\\\/The-Guardian-nuotr..jpg\",\"contentUrl\":\"https:\\\/\\\/www.kurortuasociacija.lt\\\/wp-content\\\/uploads\\\/2020\\\/06\\\/The-Guardian-nuotr..jpg\",\"width\":1200,\"height\":1200},{\"@type\":\"BreadcrumbList\",\"@id\":\"https:\\\/\\\/www.kurortuasociacija.lt\\\/de\\\/2020\\\/06\\\/11\\\/litauen-wird-corona-quarantaene-nicht-verlaengern\\\/#breadcrumb\",\"itemListElement\":[{\"@type\":\"ListItem\",\"position\":1,\"name\":\"Home\",\"item\":\"https:\\\/\\\/www.kurortuasociacija.lt\\\/de\\\/\"},{\"@type\":\"ListItem\",\"position\":2,\"name\":\"Litauen wird Corona-Quarant\u00e4ne nicht verl\u00e4ngern\"}]},{\"@type\":\"WebSite\",\"@id\":\"https:\\\/\\\/www.kurortuasociacija.lt\\\/#website\",\"url\":\"https:\\\/\\\/www.kurortuasociacija.lt\\\/\",\"name\":\"Kurort\u0173 asociacija\",\"description\":\"Lietuvos kurort\u0173 asociacija\",\"potentialAction\":[{\"@type\":\"SearchAction\",\"target\":{\"@type\":\"EntryPoint\",\"urlTemplate\":\"https:\\\/\\\/www.kurortuasociacija.lt\\\/?s={search_term_string}\"},\"query-input\":{\"@type\":\"PropertyValueSpecification\",\"valueRequired\":true,\"valueName\":\"search_term_string\"}}],\"inLanguage\":\"de\"},{\"@type\":\"Person\",\"@id\":\"https:\\\/\\\/www.kurortuasociacija.lt\\\/#\\\/schema\\\/person\\\/edeeeb99db6d145987de11bf5e6829ea\",\"name\":\"kristina\",\"image\":{\"@type\":\"ImageObject\",\"inLanguage\":\"de\",\"@id\":\"https:\\\/\\\/secure.gravatar.com\\\/avatar\\\/c3a9e5e8afff33a92a1f9b22e35847be352c86e54f5dc5ca55799140b945be26?s=96&d=mm&r=g\",\"url\":\"https:\\\/\\\/secure.gravatar.com\\\/avatar\\\/c3a9e5e8afff33a92a1f9b22e35847be352c86e54f5dc5ca55799140b945be26?s=96&d=mm&r=g\",\"contentUrl\":\"https:\\\/\\\/secure.gravatar.com\\\/avatar\\\/c3a9e5e8afff33a92a1f9b22e35847be352c86e54f5dc5ca55799140b945be26?s=96&d=mm&r=g\",\"caption\":\"kristina\"},\"url\":\"https:\\\/\\\/www.kurortuasociacija.lt\\\/de\\\/author\\\/kristina\\\/\"}]}<\/script>\n<!-- \/ Yoast SEO plugin. -->","yoast_head_json":{"title":"Litauen wird Corona-Quarant\u00e4ne nicht verl\u00e4ngern - Kurort\u0173 asociacija","robots":{"index":"index","follow":"follow","max-snippet":"max-snippet:-1","max-image-preview":"max-image-preview:large","max-video-preview":"max-video-preview:-1"},"canonical":"https:\/\/www.kurortuasociacija.lt\/de\/2020\/06\/11\/litauen-wird-corona-quarantaene-nicht-verlaengern\/","og_locale":"de_DE","og_type":"article","og_title":"Litauen wird Corona-Quarant\u00e4ne nicht verl\u00e4ngern - Kurort\u0173 asociacija","og_description":"Litauen wird die Corona-Quarant\u00e4ne nach dem 16. Juni nicht mehr verl\u00e4ngern. Stattdessen soll nur noch der Ende Februar ausgerufene landesweite Notstand gelten. Dies beschloss die Regierung des baltischen EU-Landes am Mittwoch in Vilnius. Nach offiziellen Angaben geht die Zahl der Neuinfektionen seit Ende April zur\u00fcck. Mitte Juni entf\u00e4llt auch die bisherige Pflicht zum Tragen eines&hellip;","og_url":"https:\/\/www.kurortuasociacija.lt\/de\/2020\/06\/11\/litauen-wird-corona-quarantaene-nicht-verlaengern\/","og_site_name":"Kurort\u0173 asociacija","article_published_time":"2020-06-11T07:18:37+00:00","article_modified_time":"2020-06-11T07:18:39+00:00","og_image":[{"width":1200,"height":1200,"url":"https:\/\/www.kurortuasociacija.lt\/wp-content\/uploads\/2020\/06\/The-Guardian-nuotr..jpg","type":"image\/jpeg"}],"author":"kristina","twitter_card":"summary_large_image","twitter_misc":{"Verfasst von":"kristina"},"schema":{"@context":"https:\/\/schema.org","@graph":[{"@type":"Article","@id":"https:\/\/www.kurortuasociacija.lt\/de\/2020\/06\/11\/litauen-wird-corona-quarantaene-nicht-verlaengern\/#article","isPartOf":{"@id":"https:\/\/www.kurortuasociacija.lt\/de\/2020\/06\/11\/litauen-wird-corona-quarantaene-nicht-verlaengern\/"},"author":{"name":"kristina","@id":"https:\/\/www.kurortuasociacija.lt\/#\/schema\/person\/edeeeb99db6d145987de11bf5e6829ea"},"headline":"Litauen wird Corona-Quarant\u00e4ne nicht verl\u00e4ngern","datePublished":"2020-06-11T07:18:37+00:00","dateModified":"2020-06-11T07:18:39+00:00","mainEntityOfPage":{"@id":"https:\/\/www.kurortuasociacija.lt\/de\/2020\/06\/11\/litauen-wird-corona-quarantaene-nicht-verlaengern\/"},"wordCount":97,"image":{"@id":"https:\/\/www.kurortuasociacija.lt\/de\/2020\/06\/11\/litauen-wird-corona-quarantaene-nicht-verlaengern\/#primaryimage"},"thumbnailUrl":"https:\/\/www.kurortuasociacija.lt\/wp-content\/uploads\/2020\/06\/The-Guardian-nuotr..jpg","articleSection":["Unkategorisiert"],"inLanguage":"de"},{"@type":"WebPage","@id":"https:\/\/www.kurortuasociacija.lt\/de\/2020\/06\/11\/litauen-wird-corona-quarantaene-nicht-verlaengern\/","url":"https:\/\/www.kurortuasociacija.lt\/de\/2020\/06\/11\/litauen-wird-corona-quarantaene-nicht-verlaengern\/","name":"Litauen wird Corona-Quarant\u00e4ne nicht verl\u00e4ngern - Kurort\u0173 asociacija","isPartOf":{"@id":"https:\/\/www.kurortuasociacija.lt\/#website"},"primaryImageOfPage":{"@id":"https:\/\/www.kurortuasociacija.lt\/de\/2020\/06\/11\/litauen-wird-corona-quarantaene-nicht-verlaengern\/#primaryimage"},"image":{"@id":"https:\/\/www.kurortuasociacija.lt\/de\/2020\/06\/11\/litauen-wird-corona-quarantaene-nicht-verlaengern\/#primaryimage"},"thumbnailUrl":"https:\/\/www.kurortuasociacija.lt\/wp-content\/uploads\/2020\/06\/The-Guardian-nuotr..jpg","datePublished":"2020-06-11T07:18:37+00:00","dateModified":"2020-06-11T07:18:39+00:00","author":{"@id":"https:\/\/www.kurortuasociacija.lt\/#\/schema\/person\/edeeeb99db6d145987de11bf5e6829ea"},"breadcrumb":{"@id":"https:\/\/www.kurortuasociacija.lt\/de\/2020\/06\/11\/litauen-wird-corona-quarantaene-nicht-verlaengern\/#breadcrumb"},"inLanguage":"de","potentialAction":[{"@type":"ReadAction","target":["https:\/\/www.kurortuasociacija.lt\/de\/2020\/06\/11\/litauen-wird-corona-quarantaene-nicht-verlaengern\/"]}]},{"@type":"ImageObject","inLanguage":"de","@id":"https:\/\/www.kurortuasociacija.lt\/de\/2020\/06\/11\/litauen-wird-corona-quarantaene-nicht-verlaengern\/#primaryimage","url":"https:\/\/www.kurortuasociacija.lt\/wp-content\/uploads\/2020\/06\/The-Guardian-nuotr..jpg","contentUrl":"https:\/\/www.kurortuasociacija.lt\/wp-content\/uploads\/2020\/06\/The-Guardian-nuotr..jpg","width":1200,"height":1200},{"@type":"BreadcrumbList","@id":"https:\/\/www.kurortuasociacija.lt\/de\/2020\/06\/11\/litauen-wird-corona-quarantaene-nicht-verlaengern\/#breadcrumb","itemListElement":[{"@type":"ListItem","position":1,"name":"Home","item":"https:\/\/www.kurortuasociacija.lt\/de\/"},{"@type":"ListItem","position":2,"name":"Litauen wird Corona-Quarant\u00e4ne nicht verl\u00e4ngern"}]},{"@type":"WebSite","@id":"https:\/\/www.kurortuasociacija.lt\/#website","url":"https:\/\/www.kurortuasociacija.lt\/","name":"Kurort\u0173 asociacija","description":"Lietuvos kurort\u0173 asociacija","potentialAction":[{"@type":"SearchAction","target":{"@type":"EntryPoint","urlTemplate":"https:\/\/www.kurortuasociacija.lt\/?s={search_term_string}"},"query-input":{"@type":"PropertyValueSpecification","valueRequired":true,"valueName":"search_term_string"}}],"inLanguage":"de"},{"@type":"Person","@id":"https:\/\/www.kurortuasociacija.lt\/#\/schema\/person\/edeeeb99db6d145987de11bf5e6829ea","name":"kristina","image":{"@type":"ImageObject","inLanguage":"de","@id":"https:\/\/secure.gravatar.com\/avatar\/c3a9e5e8afff33a92a1f9b22e35847be352c86e54f5dc5ca55799140b945be26?s=96&d=mm&r=g","url":"https:\/\/secure.gravatar.com\/avatar\/c3a9e5e8afff33a92a1f9b22e35847be352c86e54f5dc5ca55799140b945be26?s=96&d=mm&r=g","contentUrl":"https:\/\/secure.gravatar.com\/avatar\/c3a9e5e8afff33a92a1f9b22e35847be352c86e54f5dc5ca55799140b945be26?s=96&d=mm&r=g","caption":"kristina"},"url":"https:\/\/www.kurortuasociacija.lt\/de\/author\/kristina\/"}]}},"_links":{"self":[{"href":"https:\/\/www.kurortuasociacija.lt\/de\/wp-json\/wp\/v2\/posts\/1849","targetHints":{"allow":["GET"]}}],"collection":[{"href":"https:\/\/www.kurortuasociacija.lt\/de\/wp-json\/wp\/v2\/posts"}],"about":[{"href":"https:\/\/www.kurortuasociacija.lt\/de\/wp-json\/wp\/v2\/types\/post"}],"author":[{"embeddable":true,"href":"https:\/\/www.kurortuasociacija.lt\/de\/wp-json\/wp\/v2\/users\/2"}],"replies":[{"embeddable":true,"href":"https:\/\/www.kurortuasociacija.lt\/de\/wp-json\/wp\/v2\/comments?post=1849"}],"version-history":[{"count":1,"href":"https:\/\/www.kurortuasociacija.lt\/de\/wp-json\/wp\/v2\/posts\/1849\/revisions"}],"predecessor-version":[{"id":1850,"href":"https:\/\/www.kurortuasociacija.lt\/de\/wp-json\/wp\/v2\/posts\/1849\/revisions\/1850"}],"wp:featuredmedia":[{"embeddable":true,"href":"https:\/\/www.kurortuasociacija.lt\/de\/wp-json\/wp\/v2\/media\/1843"}],"wp:attachment":[{"href":"https:\/\/www.kurortuasociacija.lt\/de\/wp-json\/wp\/v2\/media?parent=1849"}],"wp:term":[{"taxonomy":"category","embeddable":true,"href":"https:\/\/www.kurortuasociacija.lt\/de\/wp-json\/wp\/v2\/categories?post=1849"},{"taxonomy":"post_tag","embeddable":true,"href":"https:\/\/www.kurortuasociacija.lt\/de\/wp-json\/wp\/v2\/tags?post=1849"}],"curies":[{"name":"wp","href":"https:\/\/api.w.org\/{rel}","templated":true}]}}