{"id":1615,"date":"2019-05-27T21:24:47","date_gmt":"2019-05-27T19:24:47","guid":{"rendered":"https:\/\/www.kurortuasociacija.lt\/?p=1615"},"modified":"2019-07-06T21:26:24","modified_gmt":"2019-07-06T19:26:24","slug":"die-erste-auszeichnung-von-vasaros-liutas-2019-erhielt-zarasai","status":"publish","type":"post","link":"https:\/\/www.kurortuasociacija.lt\/de\/2019\/05\/27\/die-erste-auszeichnung-von-vasaros-liutas-2019-erhielt-zarasai\/","title":{"rendered":"Die erste Auszeichnung von \u201eVasaros li\u016btas 2019\u201c erhielt Zarasai"},"content":{"rendered":"\r\n<p>Am vergangenen Wochenende feierte Zarasai die Er\u00f6ffnung der Sommersaison. \u201eZarasai &#8211; wie im Sommer!\u201c k\u00fcndigte den Beginn der symbolischen Sommersaison an und war die erste Station der Veranstaltung der litauischen Vereinigung der Ferienorte &#8222;Summer Lion 2019&#8220;.<\/p>\r\n<p>Nach kompetenter Pr\u00fcfung durch eine Kommission, bestehend aus Vertretern des Ministeriums f\u00fcr Wirtschaft und Innovation der Republik Litauen, des Landwirtschaftsministeriums der Republik Litauen, des Nationalen Verbands der Kreativ- und Kulturindustrien, des litauischen Hotel- und Restaurantverbands, des litauischen Tourismusverbands f\u00fcr den l\u00e4ndlichen Raum, der litauischen Marketingvereinigung Keliauk Lietuva wurde der \u201eVasaros li\u016btas 2019\u201c an die Institutionen der Zarasai-Region verliehen.<\/p>\r\n<p>Nominiert f\u00fcr den \u201eVasaros li\u016btas 2019\u201c als \u201eNational Heritage Founder\u201c wurden die <strong>Wasserm\u00fchlengemeinschaft \u0160lyninka<\/strong>, und die <strong>UAB \u201eVasakn\u0173 dvaras\u201c<\/strong> zum \u201eBotschafter des Kulturerbes\u201c gew\u00e4hlt.<\/p>\r\n<p>Die zum \u201eNational Heritage Cultivator\u201c gew\u00e4hlte \u0160lyninkos Wasserm\u00fchle-Gemeinschaft steht f\u00fcr die besten Traditionen des nationalen Erbes des Kurortgebietes Zarasai:Mehr als 13 als kulinarisches Erbe zertifizierte Produkte, 8 Bio-Produkte (Brot, Mehl, Gr\u00fctze), F\u00fchrungen durch die alte M\u00fchle und Veranstaltungen f\u00fcr die ganze Familie, Bildungsprogramm ,,Brotroute und Kulturerbe &#8211; die alte Wasserm\u00fchle \u0160lyninkos\u201d.<\/p>\r\n<p>Touristen aus Zarasai finden Geschmack an der \u0160lyninkos Wasserm\u00fchle, etwa an den, Razavi, Pfannkuchen im Rahmen des Bildungsprogramms, Brot-Route oder durch den Kauf von Bio-Mehl. Cibulin\u0117 , die Gemeinde der \u0160lyninkos Wasserm\u00fchle, organisiert in Zusammenarbeit mit dem Kulturzentrum des Bezirks Valmiera Veranstaltungen zum nationalen Erbe, um den Tourismus zu entwickeln. Dazu geh\u00f6ren Cibulin\u0117\u201c, ,,S\u0117los muzikantai\u201c und nach Themen geordnete Messekalender. Diese exklusiven Veranstaltungen und die alte Wasserm\u00fchle als Umgebung f\u00f6rdern den Tourismus und die besten Traditionen des Ortes.<\/p>\r\n<p>Der ehemalige Herrensitz \u201eUAB Vasakn\u0173 dvaras\u201c, der zum Botschafter des Kulturerbes wurde, verwaltet ein Kulturerbe von staatlicher Bedeutung . Das Vasaknai-Herrenhaus der ber\u00fchmten Radvilas-Familie des Gro\u00dfherzogtums Litauen, wird f\u00fcr den aktiven Erholungstourismus genutzt. Konferenzen, Familienfeiern und Bankette werden hier organisiert, \u00fcber 100 G\u00e4ste k\u00f6nnen gleichzeitig entspannen, eine gro\u00dfartige K\u00fcche und ein Restaurant, Produkte aus Vasaknos-Bier, schmecken. Im 18. Jahrhundert wurde das Geb\u00e4ude restauriert. Es bietet eine gut funktionierende Brauerei, R\u00e4ume f\u00fcr G\u00e4ste, einen herrlichem Blick auf den Vasaknai-See, verschiedene Unterhaltungsveranstaltungen. Das UAB \u201eVasakn\u0173 dvaras\u201c -Teamkooperiert dabei mit der \u00f6rtlichen Gemeinde. Die Gemeinde Dusetai und das Kulturzentrum Dusetai Artgallerie organisieren gemeinsam Veranstaltungen f\u00fcr die Tourismus-Saison, bewahren die Geschichte der litauischen und polnischen Herrenh\u00e4user und feiern die Namen der Gro\u00dff\u00fcrsten Radvilas, Pliateriai, Ti\u0161kevi\u010diai und organisieren Aktivit\u00e4ten f\u00fcr die Verbreitung professioneller Kunst.<\/p>\r\n<p>Gewinner von sieben weiteren Nominierungen werden mit den \u201eVasaros li\u016btas 2019\u201c Pr\u00e4mien ausgezeichnet. Bei der Er\u00f6ffnung der Sommersaison der litauischen Ferienorte und Feriengebiete werden Wanderpr\u00e4mien vergeben. Der litauische Verband der Ferienorte l\u00e4dt alle die sommerlich gestimmt sind ein, die Nachrichten aktiv zu verfolgen und die Ferienorte und -regionen zu besuchen!<\/p>\r\n\r\n\r\n\r\n<ul class=\"wp-block-gallery aligncenter columns-1 is-cropped wp-block-gallery-1 is-layout-flex wp-block-gallery-is-layout-flex\">\r\n<li class=\"blocks-gallery-item\">\r\n<figure><img loading=\"lazy\" decoding=\"async\" width=\"1024\" height=\"721\" class=\"wp-image-639\" src=\"http:\/\/www.kurortuasociacija.lt\/wp-content\/uploads\/2019\/05\/1-2-1-1024x721.jpg\" alt=\"\" data-id=\"639\" srcset=\"https:\/\/www.kurortuasociacija.lt\/wp-content\/uploads\/2019\/05\/1-2-1-1024x721.jpg 1024w, https:\/\/www.kurortuasociacija.lt\/wp-content\/uploads\/2019\/05\/1-2-1-300x211.jpg 300w, https:\/\/www.kurortuasociacija.lt\/wp-content\/uploads\/2019\/05\/1-2-1-768x541.jpg 768w\" sizes=\"auto, (max-width: 1024px) 100vw, 1024px\" \/><\/figure>\r\n<\/li>\r\n<\/ul>\r\n\r\n\r\n\r\n<div class=\"wp-block-image\">\r\n<figure class=\"aligncenter\"><img loading=\"lazy\" decoding=\"async\" width=\"1024\" height=\"768\" class=\"wp-image-640\" src=\"http:\/\/www.kurortuasociacija.lt\/wp-content\/uploads\/2019\/05\/3-2-1-1024x768.jpg\" alt=\"\" srcset=\"https:\/\/www.kurortuasociacija.lt\/wp-content\/uploads\/2019\/05\/3-2-1-1024x768.jpg 1024w, https:\/\/www.kurortuasociacija.lt\/wp-content\/uploads\/2019\/05\/3-2-1-300x225.jpg 300w, https:\/\/www.kurortuasociacija.lt\/wp-content\/uploads\/2019\/05\/3-2-1-768x576.jpg 768w\" sizes=\"auto, (max-width: 1024px) 100vw, 1024px\" \/><\/figure>\r\n<\/div>\r\n\r\n\r\n\r\n<ul class=\"wp-block-gallery columns-1 is-cropped wp-block-gallery-2 is-layout-flex wp-block-gallery-is-layout-flex\">\r\n<li class=\"blocks-gallery-item\">\r\n<figure><img loading=\"lazy\" decoding=\"async\" width=\"1024\" height=\"847\" class=\"wp-image-641\" src=\"http:\/\/www.kurortuasociacija.lt\/wp-content\/uploads\/2019\/05\/P.-Ivanovo-nuotr.-1024x847.jpg\" alt=\"\" data-id=\"641\" srcset=\"https:\/\/www.kurortuasociacija.lt\/wp-content\/uploads\/2019\/05\/P.-Ivanovo-nuotr.-1024x847.jpg 1024w, https:\/\/www.kurortuasociacija.lt\/wp-content\/uploads\/2019\/05\/P.-Ivanovo-nuotr.-300x248.jpg 300w, https:\/\/www.kurortuasociacija.lt\/wp-content\/uploads\/2019\/05\/P.-Ivanovo-nuotr.-768x635.jpg 768w\" sizes=\"auto, (max-width: 1024px) 100vw, 1024px\" \/><\/figure>\r\n<\/li>\r\n<\/ul>\r\n","protected":false},"excerpt":{"rendered":"<p>Am vergangenen Wochenende feierte Zarasai die Er\u00f6ffnung der Sommersaison. \u201eZarasai &#8211; wie im Sommer!\u201c k\u00fcndigte den Beginn der symbolischen Sommersaison an und war die erste Station der Veranstaltung der litauischen Vereinigung der Ferienorte &#8222;Summer Lion 2019&#8220;. Nach kompetenter Pr\u00fcfung durch eine Kommission, bestehend aus Vertretern des Ministeriums f\u00fcr Wirtschaft und Innovation der Republik Litauen, des&hellip;<\/p>\n","protected":false},"author":1,"featured_media":1617,"comment_status":"closed","ping_status":"closed","sticky":false,"template":"","format":"standard","meta":{"pgc_sgb_lightbox_settings":"","footnotes":""},"categories":[4],"tags":[],"class_list":["post-1615","post","type-post","status-publish","format-standard","has-post-thumbnail","hentry","category-unkategorisiert","category-4","description-off"],"yoast_head":"<!-- This site is optimized with the Yoast SEO plugin v27.4 - https:\/\/yoast.com\/product\/yoast-seo-wordpress\/ -->\n<title>Die erste Auszeichnung von \u201eVasaros li\u016btas 2019\u201c erhielt Zarasai - Kurort\u0173 asociacija<\/title>\n<meta name=\"robots\" content=\"index, follow, max-snippet:-1, max-image-preview:large, max-video-preview:-1\" \/>\n<link rel=\"canonical\" href=\"https:\/\/www.kurortuasociacija.lt\/2019\/05\/27\/pirmieji-apdovanojimai-vasaros-liutas-2019-iskeliavo-i-zarasus\/\" \/>\n<meta property=\"og:locale\" content=\"de_DE\" \/>\n<meta property=\"og:type\" content=\"article\" \/>\n<meta property=\"og:title\" content=\"Die erste Auszeichnung von \u201eVasaros li\u016btas 2019\u201c erhielt Zarasai - Kurort\u0173 asociacija\" \/>\n<meta property=\"og:description\" content=\"Am vergangenen Wochenende feierte Zarasai die Er\u00f6ffnung der Sommersaison. \u201eZarasai &#8211; wie im Sommer!\u201c k\u00fcndigte den Beginn der symbolischen Sommersaison an und war die erste Station der Veranstaltung der litauischen Vereinigung der Ferienorte &#8222;Summer Lion 2019&#8220;. Nach kompetenter Pr\u00fcfung durch eine Kommission, bestehend aus Vertretern des Ministeriums f\u00fcr Wirtschaft und Innovation der Republik Litauen, des&hellip;\" \/>\n<meta property=\"og:url\" content=\"https:\/\/www.kurortuasociacija.lt\/2019\/05\/27\/pirmieji-apdovanojimai-vasaros-liutas-2019-iskeliavo-i-zarasus\/\" \/>\n<meta property=\"og:site_name\" content=\"Kurort\u0173 asociacija\" \/>\n<meta property=\"article:published_time\" content=\"2019-05-27T19:24:47+00:00\" \/>\n<meta property=\"article:modified_time\" content=\"2019-07-06T19:26:24+00:00\" \/>\n<meta property=\"og:image\" content=\"https:\/\/www.kurortuasociacija.lt\/wp-content\/uploads\/2019\/05\/Untitled.jpg\" \/>\n\t<meta property=\"og:image:width\" content=\"2644\" \/>\n\t<meta property=\"og:image:height\" content=\"1776\" \/>\n\t<meta property=\"og:image:type\" content=\"image\/jpeg\" \/>\n<meta name=\"author\" content=\"admin\" \/>\n<meta name=\"twitter:card\" content=\"summary_large_image\" \/>\n<meta name=\"twitter:label1\" content=\"Verfasst von\" \/>\n\t<meta name=\"twitter:data1\" content=\"admin\" \/>\n\t<meta name=\"twitter:label2\" content=\"Gesch\u00e4tzte Lesezeit\" \/>\n\t<meta name=\"twitter:data2\" content=\"2\u00a0Minuten\" \/>\n<script type=\"application\/ld+json\" class=\"yoast-schema-graph\">{\"@context\":\"https:\\\/\\\/schema.org\",\"@graph\":[{\"@type\":\"Article\",\"@id\":\"https:\\\/\\\/www.kurortuasociacija.lt\\\/2019\\\/05\\\/27\\\/pirmieji-apdovanojimai-vasaros-liutas-2019-iskeliavo-i-zarasus\\\/#article\",\"isPartOf\":{\"@id\":\"https:\\\/\\\/www.kurortuasociacija.lt\\\/2019\\\/05\\\/27\\\/pirmieji-apdovanojimai-vasaros-liutas-2019-iskeliavo-i-zarasus\\\/\"},\"author\":{\"name\":\"admin\",\"@id\":\"https:\\\/\\\/www.kurortuasociacija.lt\\\/#\\\/schema\\\/person\\\/f5eccac86b5bd36f636f8c18b7dce92c\"},\"headline\":\"Die erste Auszeichnung von \u201eVasaros li\u016btas 2019\u201c erhielt Zarasai\",\"datePublished\":\"2019-05-27T19:24:47+00:00\",\"dateModified\":\"2019-07-06T19:26:24+00:00\",\"mainEntityOfPage\":{\"@id\":\"https:\\\/\\\/www.kurortuasociacija.lt\\\/2019\\\/05\\\/27\\\/pirmieji-apdovanojimai-vasaros-liutas-2019-iskeliavo-i-zarasus\\\/\"},\"wordCount\":475,\"image\":{\"@id\":\"https:\\\/\\\/www.kurortuasociacija.lt\\\/2019\\\/05\\\/27\\\/pirmieji-apdovanojimai-vasaros-liutas-2019-iskeliavo-i-zarasus\\\/#primaryimage\"},\"thumbnailUrl\":\"https:\\\/\\\/www.kurortuasociacija.lt\\\/wp-content\\\/uploads\\\/2019\\\/05\\\/Untitled.jpg\",\"articleSection\":[\"Unkategorisiert\"],\"inLanguage\":\"de\"},{\"@type\":\"WebPage\",\"@id\":\"https:\\\/\\\/www.kurortuasociacija.lt\\\/2019\\\/05\\\/27\\\/pirmieji-apdovanojimai-vasaros-liutas-2019-iskeliavo-i-zarasus\\\/\",\"url\":\"https:\\\/\\\/www.kurortuasociacija.lt\\\/2019\\\/05\\\/27\\\/pirmieji-apdovanojimai-vasaros-liutas-2019-iskeliavo-i-zarasus\\\/\",\"name\":\"Die erste Auszeichnung von \u201eVasaros li\u016btas 2019\u201c erhielt Zarasai - Kurort\u0173 asociacija\",\"isPartOf\":{\"@id\":\"https:\\\/\\\/www.kurortuasociacija.lt\\\/#website\"},\"primaryImageOfPage\":{\"@id\":\"https:\\\/\\\/www.kurortuasociacija.lt\\\/2019\\\/05\\\/27\\\/pirmieji-apdovanojimai-vasaros-liutas-2019-iskeliavo-i-zarasus\\\/#primaryimage\"},\"image\":{\"@id\":\"https:\\\/\\\/www.kurortuasociacija.lt\\\/2019\\\/05\\\/27\\\/pirmieji-apdovanojimai-vasaros-liutas-2019-iskeliavo-i-zarasus\\\/#primaryimage\"},\"thumbnailUrl\":\"https:\\\/\\\/www.kurortuasociacija.lt\\\/wp-content\\\/uploads\\\/2019\\\/05\\\/Untitled.jpg\",\"datePublished\":\"2019-05-27T19:24:47+00:00\",\"dateModified\":\"2019-07-06T19:26:24+00:00\",\"author\":{\"@id\":\"https:\\\/\\\/www.kurortuasociacija.lt\\\/#\\\/schema\\\/person\\\/f5eccac86b5bd36f636f8c18b7dce92c\"},\"breadcrumb\":{\"@id\":\"https:\\\/\\\/www.kurortuasociacija.lt\\\/2019\\\/05\\\/27\\\/pirmieji-apdovanojimai-vasaros-liutas-2019-iskeliavo-i-zarasus\\\/#breadcrumb\"},\"inLanguage\":\"de\",\"potentialAction\":[{\"@type\":\"ReadAction\",\"target\":[\"https:\\\/\\\/www.kurortuasociacija.lt\\\/2019\\\/05\\\/27\\\/pirmieji-apdovanojimai-vasaros-liutas-2019-iskeliavo-i-zarasus\\\/\"]}]},{\"@type\":\"ImageObject\",\"inLanguage\":\"de\",\"@id\":\"https:\\\/\\\/www.kurortuasociacija.lt\\\/2019\\\/05\\\/27\\\/pirmieji-apdovanojimai-vasaros-liutas-2019-iskeliavo-i-zarasus\\\/#primaryimage\",\"url\":\"https:\\\/\\\/www.kurortuasociacija.lt\\\/wp-content\\\/uploads\\\/2019\\\/05\\\/Untitled.jpg\",\"contentUrl\":\"https:\\\/\\\/www.kurortuasociacija.lt\\\/wp-content\\\/uploads\\\/2019\\\/05\\\/Untitled.jpg\",\"width\":2644,\"height\":1776},{\"@type\":\"BreadcrumbList\",\"@id\":\"https:\\\/\\\/www.kurortuasociacija.lt\\\/2019\\\/05\\\/27\\\/pirmieji-apdovanojimai-vasaros-liutas-2019-iskeliavo-i-zarasus\\\/#breadcrumb\",\"itemListElement\":[{\"@type\":\"ListItem\",\"position\":1,\"name\":\"Home\",\"item\":\"https:\\\/\\\/www.kurortuasociacija.lt\\\/de\\\/\"},{\"@type\":\"ListItem\",\"position\":2,\"name\":\"Die erste Auszeichnung von \u201eVasaros li\u016btas 2019\u201c erhielt Zarasai\"}]},{\"@type\":\"WebSite\",\"@id\":\"https:\\\/\\\/www.kurortuasociacija.lt\\\/#website\",\"url\":\"https:\\\/\\\/www.kurortuasociacija.lt\\\/\",\"name\":\"Kurort\u0173 asociacija\",\"description\":\"Lietuvos kurort\u0173 asociacija\",\"potentialAction\":[{\"@type\":\"SearchAction\",\"target\":{\"@type\":\"EntryPoint\",\"urlTemplate\":\"https:\\\/\\\/www.kurortuasociacija.lt\\\/?s={search_term_string}\"},\"query-input\":{\"@type\":\"PropertyValueSpecification\",\"valueRequired\":true,\"valueName\":\"search_term_string\"}}],\"inLanguage\":\"de\"},{\"@type\":\"Person\",\"@id\":\"https:\\\/\\\/www.kurortuasociacija.lt\\\/#\\\/schema\\\/person\\\/f5eccac86b5bd36f636f8c18b7dce92c\",\"name\":\"admin\",\"image\":{\"@type\":\"ImageObject\",\"inLanguage\":\"de\",\"@id\":\"https:\\\/\\\/secure.gravatar.com\\\/avatar\\\/ac88d89d4479dff7465edac620726daaaddf7a97451568df4c5ab7372103a51f?s=96&d=mm&r=g\",\"url\":\"https:\\\/\\\/secure.gravatar.com\\\/avatar\\\/ac88d89d4479dff7465edac620726daaaddf7a97451568df4c5ab7372103a51f?s=96&d=mm&r=g\",\"contentUrl\":\"https:\\\/\\\/secure.gravatar.com\\\/avatar\\\/ac88d89d4479dff7465edac620726daaaddf7a97451568df4c5ab7372103a51f?s=96&d=mm&r=g\",\"caption\":\"admin\"},\"url\":\"https:\\\/\\\/www.kurortuasociacija.lt\\\/de\\\/author\\\/admin\\\/\"}]}<\/script>\n<!-- \/ Yoast SEO plugin. -->","yoast_head_json":{"title":"Die erste Auszeichnung von \u201eVasaros li\u016btas 2019\u201c erhielt Zarasai - Kurort\u0173 asociacija","robots":{"index":"index","follow":"follow","max-snippet":"max-snippet:-1","max-image-preview":"max-image-preview:large","max-video-preview":"max-video-preview:-1"},"canonical":"https:\/\/www.kurortuasociacija.lt\/2019\/05\/27\/pirmieji-apdovanojimai-vasaros-liutas-2019-iskeliavo-i-zarasus\/","og_locale":"de_DE","og_type":"article","og_title":"Die erste Auszeichnung von \u201eVasaros li\u016btas 2019\u201c erhielt Zarasai - Kurort\u0173 asociacija","og_description":"Am vergangenen Wochenende feierte Zarasai die Er\u00f6ffnung der Sommersaison. \u201eZarasai &#8211; wie im Sommer!\u201c k\u00fcndigte den Beginn der symbolischen Sommersaison an und war die erste Station der Veranstaltung der litauischen Vereinigung der Ferienorte &#8222;Summer Lion 2019&#8220;. Nach kompetenter Pr\u00fcfung durch eine Kommission, bestehend aus Vertretern des Ministeriums f\u00fcr Wirtschaft und Innovation der Republik Litauen, des&hellip;","og_url":"https:\/\/www.kurortuasociacija.lt\/2019\/05\/27\/pirmieji-apdovanojimai-vasaros-liutas-2019-iskeliavo-i-zarasus\/","og_site_name":"Kurort\u0173 asociacija","article_published_time":"2019-05-27T19:24:47+00:00","article_modified_time":"2019-07-06T19:26:24+00:00","og_image":[{"width":2644,"height":1776,"url":"https:\/\/www.kurortuasociacija.lt\/wp-content\/uploads\/2019\/05\/Untitled.jpg","type":"image\/jpeg"}],"author":"admin","twitter_card":"summary_large_image","twitter_misc":{"Verfasst von":"admin","Gesch\u00e4tzte Lesezeit":"2\u00a0Minuten"},"schema":{"@context":"https:\/\/schema.org","@graph":[{"@type":"Article","@id":"https:\/\/www.kurortuasociacija.lt\/2019\/05\/27\/pirmieji-apdovanojimai-vasaros-liutas-2019-iskeliavo-i-zarasus\/#article","isPartOf":{"@id":"https:\/\/www.kurortuasociacija.lt\/2019\/05\/27\/pirmieji-apdovanojimai-vasaros-liutas-2019-iskeliavo-i-zarasus\/"},"author":{"name":"admin","@id":"https:\/\/www.kurortuasociacija.lt\/#\/schema\/person\/f5eccac86b5bd36f636f8c18b7dce92c"},"headline":"Die erste Auszeichnung von \u201eVasaros li\u016btas 2019\u201c erhielt Zarasai","datePublished":"2019-05-27T19:24:47+00:00","dateModified":"2019-07-06T19:26:24+00:00","mainEntityOfPage":{"@id":"https:\/\/www.kurortuasociacija.lt\/2019\/05\/27\/pirmieji-apdovanojimai-vasaros-liutas-2019-iskeliavo-i-zarasus\/"},"wordCount":475,"image":{"@id":"https:\/\/www.kurortuasociacija.lt\/2019\/05\/27\/pirmieji-apdovanojimai-vasaros-liutas-2019-iskeliavo-i-zarasus\/#primaryimage"},"thumbnailUrl":"https:\/\/www.kurortuasociacija.lt\/wp-content\/uploads\/2019\/05\/Untitled.jpg","articleSection":["Unkategorisiert"],"inLanguage":"de"},{"@type":"WebPage","@id":"https:\/\/www.kurortuasociacija.lt\/2019\/05\/27\/pirmieji-apdovanojimai-vasaros-liutas-2019-iskeliavo-i-zarasus\/","url":"https:\/\/www.kurortuasociacija.lt\/2019\/05\/27\/pirmieji-apdovanojimai-vasaros-liutas-2019-iskeliavo-i-zarasus\/","name":"Die erste Auszeichnung von \u201eVasaros li\u016btas 2019\u201c erhielt Zarasai - Kurort\u0173 asociacija","isPartOf":{"@id":"https:\/\/www.kurortuasociacija.lt\/#website"},"primaryImageOfPage":{"@id":"https:\/\/www.kurortuasociacija.lt\/2019\/05\/27\/pirmieji-apdovanojimai-vasaros-liutas-2019-iskeliavo-i-zarasus\/#primaryimage"},"image":{"@id":"https:\/\/www.kurortuasociacija.lt\/2019\/05\/27\/pirmieji-apdovanojimai-vasaros-liutas-2019-iskeliavo-i-zarasus\/#primaryimage"},"thumbnailUrl":"https:\/\/www.kurortuasociacija.lt\/wp-content\/uploads\/2019\/05\/Untitled.jpg","datePublished":"2019-05-27T19:24:47+00:00","dateModified":"2019-07-06T19:26:24+00:00","author":{"@id":"https:\/\/www.kurortuasociacija.lt\/#\/schema\/person\/f5eccac86b5bd36f636f8c18b7dce92c"},"breadcrumb":{"@id":"https:\/\/www.kurortuasociacija.lt\/2019\/05\/27\/pirmieji-apdovanojimai-vasaros-liutas-2019-iskeliavo-i-zarasus\/#breadcrumb"},"inLanguage":"de","potentialAction":[{"@type":"ReadAction","target":["https:\/\/www.kurortuasociacija.lt\/2019\/05\/27\/pirmieji-apdovanojimai-vasaros-liutas-2019-iskeliavo-i-zarasus\/"]}]},{"@type":"ImageObject","inLanguage":"de","@id":"https:\/\/www.kurortuasociacija.lt\/2019\/05\/27\/pirmieji-apdovanojimai-vasaros-liutas-2019-iskeliavo-i-zarasus\/#primaryimage","url":"https:\/\/www.kurortuasociacija.lt\/wp-content\/uploads\/2019\/05\/Untitled.jpg","contentUrl":"https:\/\/www.kurortuasociacija.lt\/wp-content\/uploads\/2019\/05\/Untitled.jpg","width":2644,"height":1776},{"@type":"BreadcrumbList","@id":"https:\/\/www.kurortuasociacija.lt\/2019\/05\/27\/pirmieji-apdovanojimai-vasaros-liutas-2019-iskeliavo-i-zarasus\/#breadcrumb","itemListElement":[{"@type":"ListItem","position":1,"name":"Home","item":"https:\/\/www.kurortuasociacija.lt\/de\/"},{"@type":"ListItem","position":2,"name":"Die erste Auszeichnung von \u201eVasaros li\u016btas 2019\u201c erhielt Zarasai"}]},{"@type":"WebSite","@id":"https:\/\/www.kurortuasociacija.lt\/#website","url":"https:\/\/www.kurortuasociacija.lt\/","name":"Kurort\u0173 asociacija","description":"Lietuvos kurort\u0173 asociacija","potentialAction":[{"@type":"SearchAction","target":{"@type":"EntryPoint","urlTemplate":"https:\/\/www.kurortuasociacija.lt\/?s={search_term_string}"},"query-input":{"@type":"PropertyValueSpecification","valueRequired":true,"valueName":"search_term_string"}}],"inLanguage":"de"},{"@type":"Person","@id":"https:\/\/www.kurortuasociacija.lt\/#\/schema\/person\/f5eccac86b5bd36f636f8c18b7dce92c","name":"admin","image":{"@type":"ImageObject","inLanguage":"de","@id":"https:\/\/secure.gravatar.com\/avatar\/ac88d89d4479dff7465edac620726daaaddf7a97451568df4c5ab7372103a51f?s=96&d=mm&r=g","url":"https:\/\/secure.gravatar.com\/avatar\/ac88d89d4479dff7465edac620726daaaddf7a97451568df4c5ab7372103a51f?s=96&d=mm&r=g","contentUrl":"https:\/\/secure.gravatar.com\/avatar\/ac88d89d4479dff7465edac620726daaaddf7a97451568df4c5ab7372103a51f?s=96&d=mm&r=g","caption":"admin"},"url":"https:\/\/www.kurortuasociacija.lt\/de\/author\/admin\/"}]}},"_links":{"self":[{"href":"https:\/\/www.kurortuasociacija.lt\/de\/wp-json\/wp\/v2\/posts\/1615","targetHints":{"allow":["GET"]}}],"collection":[{"href":"https:\/\/www.kurortuasociacija.lt\/de\/wp-json\/wp\/v2\/posts"}],"about":[{"href":"https:\/\/www.kurortuasociacija.lt\/de\/wp-json\/wp\/v2\/types\/post"}],"author":[{"embeddable":true,"href":"https:\/\/www.kurortuasociacija.lt\/de\/wp-json\/wp\/v2\/users\/1"}],"replies":[{"embeddable":true,"href":"https:\/\/www.kurortuasociacija.lt\/de\/wp-json\/wp\/v2\/comments?post=1615"}],"version-history":[{"count":2,"href":"https:\/\/www.kurortuasociacija.lt\/de\/wp-json\/wp\/v2\/posts\/1615\/revisions"}],"predecessor-version":[{"id":1624,"href":"https:\/\/www.kurortuasociacija.lt\/de\/wp-json\/wp\/v2\/posts\/1615\/revisions\/1624"}],"wp:featuredmedia":[{"embeddable":true,"href":"https:\/\/www.kurortuasociacija.lt\/de\/wp-json\/wp\/v2\/media\/1617"}],"wp:attachment":[{"href":"https:\/\/www.kurortuasociacija.lt\/de\/wp-json\/wp\/v2\/media?parent=1615"}],"wp:term":[{"taxonomy":"category","embeddable":true,"href":"https:\/\/www.kurortuasociacija.lt\/de\/wp-json\/wp\/v2\/categories?post=1615"},{"taxonomy":"post_tag","embeddable":true,"href":"https:\/\/www.kurortuasociacija.lt\/de\/wp-json\/wp\/v2\/tags?post=1615"}],"curies":[{"name":"wp","href":"https:\/\/api.w.org\/{rel}","templated":true}]}}